{"id":599,"date":"2021-09-20T23:00:14","date_gmt":"2021-09-20T21:00:14","guid":{"rendered":"https:\/\/www.lerheunouveaucitoyen.org\/?p=599"},"modified":"2021-12-23T12:04:56","modified_gmt":"2021-12-23T11:04:56","slug":"conseil-du-20-septembre-2021","status":"publish","type":"post","link":"https:\/\/www.lerheunouveaucitoyen.org\/index.php\/2021\/09\/20\/conseil-du-20-septembre-2021\/","title":{"rendered":"Conseil du 20 septembre 2021"},"content":{"rendered":"\n<p>Le conseil municipal qui s\u2019est tenu le lundi 20 septembre a \u00e9t\u00e9 l\u2019occasion d\u2019\u00e9changes tendus dont la presse s\u2019est faite l\u2019\u00e9cho, mais aussi de nombreux points d\u2019approbation, comme nous allons vous le d\u00e9tailler ci-dessous. Nous avons notamment approuv\u00e9 les points relatifs \u00e0 la gestion des ressources humaines de la commune. Ainsi, nous avons vot\u00e9 pour la promotion de deux agents. Nous avons valid\u00e9 l\u2019accord-cadre pour la mise en place du t\u00e9l\u00e9travail pour les agents de la commune \u00e0 partir du 1er octobre et avons pris acte des d\u00e9cision prises par le Maire dans le cadre de sa d\u00e9l\u00e9gation en la mati\u00e8re. Dans le m\u00eame ordre d\u2019id\u00e9e, nous avons pris acte des d\u00e9cisions du Maire en mati\u00e8re de conventions de mise \u00e0 disposition de locaux et \u00e9quipements. Nous avons \u00e9galement valid\u00e9 trois conventions intercommunales pour l\u2019utilisation partag\u00e9e de mat\u00e9riels d\u2019entretien des espaces verts avec des communes voisines. <\/p>\n\n\n\n<p>Dans le cadre de la convention de prise en charge des d\u00e9penses de fonctionnement des classes sous contrat d\u2019association, nous avons valid\u00e9 le versement par la commune d\u2019une contribution compl\u00e9mentaire de 1 248\u20ac \u00e0 l\u2019\u00e9cole Sainte-Marie ainsi que la r\u00e9trocession de mat\u00e9riel informatique acquis par subventions de l\u2019\u00c9tat dans le cadre du Plan de relance (total d\u2019investissements pour l\u2019\u00e9cole, de 22 853\u20ac), pour le montant d\u2019un reste \u00e0 charge de 4 373,33\u20ac. Nous avons adopt\u00e9 des ajustements financiers relatifs au march\u00e9 de prestation de services enfance-Jeunesse : le d\u00e9ficit pr\u00e9sent\u00e9 sur les services ALSH et Passerelle reste \u00e0 la charge de l\u2019association L\u00e9o Lagrange Ouest et concernant les secteurs \u00ab jeunesse \u00bb et \u00ab coordination APS\/TAP \u00bb, il a \u00e9t\u00e9 convenu que L\u00e9o Lagrange Ouest reverse \u00e0 la collectivit\u00e9 le montant exc\u00e9dentaire sur l\u2019ann\u00e9e 2020. Nous avons vot\u00e9 une subvention exceptionnelle de 80\u20ac \u00e0 la Ligue contre le cancer conform\u00e9ment aux souhaits de sa famille Solange ORAIN, ancienne \u00e9lue de la commune et amie. <\/p>\n\n\n\n<p>Nous avons autoris\u00e9 le Maire \u00e0 cr\u00e9er un poste non permanent de \u00ab charg\u00e9 de mission handicap \u00bb dans la cadre d\u2019un contrat de projet \u00e0 compter du 1er novembre 2021. Nous nous sommes f\u00e9licit\u00e9s de cette mesure et avons demand\u00e9 \u00e0 ce que la commission accessibilit\u00e9 se r\u00e9unisse, ce qui n\u2019a pas \u00e9t\u00e9 fait depuis un an. Nous avons autoris\u00e9 la Maire \u00e0 conclure l\u2019acquisition de parcelles au lieu-dit \u00ab la Cour Neuve \u00bb (image) pour un montant de 31 354\u20ac.<\/p>\n\n\n\n<figure class=\"wp-block-image size-full\"><img loading=\"lazy\" decoding=\"async\" width=\"974\" height=\"720\" src=\"https:\/\/www.lerheunouveaucitoyen.org\/wp-content\/uploads\/2021\/12\/243545430_416121293190284_3653698461043647792_n.jpg\" alt=\"\" class=\"wp-image-600\" srcset=\"https:\/\/www.lerheunouveaucitoyen.org\/wp-content\/uploads\/2021\/12\/243545430_416121293190284_3653698461043647792_n.jpg 974w, https:\/\/www.lerheunouveaucitoyen.org\/wp-content\/uploads\/2021\/12\/243545430_416121293190284_3653698461043647792_n-300x222.jpg 300w, https:\/\/www.lerheunouveaucitoyen.org\/wp-content\/uploads\/2021\/12\/243545430_416121293190284_3653698461043647792_n-768x568.jpg 768w\" sizes=\"auto, (max-width: 974px) 100vw, 974px\" \/><\/figure>\n\n\n\n<p>Plusieurs constats de pollutions importantes ont en effet \u00e9t\u00e9 dress\u00e9s sur celles-ci en raison de d\u00e9p\u00f4ts de mat\u00e9riels et produits. Or ces parcelles sont int\u00e9gr\u00e9es au p\u00e9rim\u00e8tre de protection du captage des eaux. Des travaux de d\u00e9pollution devront \u00eatre engag\u00e9s pour un montant de 109 693\u20ac pris en charge par la Collectivit\u00e9 Eau du Bassin Rennais. Nous avons pos\u00e9 la question, une fois ces parcelles acquises par la Commune, de leur destination et des moyens \u00e0 mettre en \u0153uvre pour \u00e9viter le renouvellement de ces pollutions. La question sera \u00e9tudi\u00e9e, nous a-t-on r\u00e9pondu. Nous avons vot\u00e9 le versement d\u2019un fonds de concours \u00e0 Rennes M\u00e9tropole d\u2019un montant de 41 670\u20ac afin de finaliser les am\u00e9nagements cyclables du centre, et notamment pour l\u2019am\u00e9nagement de places de stationnement compl\u00e9mentaires dans l\u2019avenue des Bruy\u00e8res. Nous avons regrett\u00e9 le choix du trac\u00e9 de la piste cyclable par cette rue, qui impose aux cycliste la plus belle c\u00f4te du centre !<\/p>\n\n\n\n<p>Nous nous sommes abstenus d\u2019adopter le v\u0153u propos\u00e9 par le Centre De Gestion 35 pour faciliter l\u2019exercice de ses missions li\u00e9es \u00e0 la sant\u00e9 au travail. Nous connaissons bien entendu les difficult\u00e9s rencontr\u00e9es depuis quelques ann\u00e9es par la m\u00e9decine du travail, qui sont notamment li\u00e9es aux probl\u00e8mes de recrutement de m\u00e9decins sp\u00e9cialis\u00e9s. Avec les \u00e9l\u00e9ments dont nous disposions au moment o\u00f9 il nous a \u00e9t\u00e9 propos\u00e9 d\u2019adopter ce v\u0153u, il nous est apparu que tel que r\u00e9dig\u00e9, il rev\u00eatait un caract\u00e8re de revendication sp\u00e9cifique \u00e0 connotation politique forte. Nous regrettons que l\u2019expression de notre point de vue ait donn\u00e9 lieu \u00e0 des \u00e9changes verbaux violents lors de l\u2019examen de ce point. \u00c0 la pr\u00e9sentation du rapport d\u2019activit\u00e9 du CIAS \u00ab \u00e0 l\u2019Ouest de Rennes \u00bb, nous avons fait part de nos pr\u00e9occupations relatives aux conditions de travail des salari\u00e9s de la structure : 18 postes sont vacants, il manque un m\u00e9decin coordinateur au niveau de l\u2019EHPAD, nous avons not\u00e9 le d\u00e9ficit du service d\u2019aide \u00e0 domicile, etc\u2026 et nous avons demand\u00e9 au rapporteur s\u2019il \u00e9tait envisag\u00e9 de r\u00e9\u00e9valuer la politique d&rsquo;accueil et d&rsquo;accompagnement des personnes \u00e2g\u00e9es. Plus largement, nous avons pos\u00e9 la question du message Rheusois port\u00e9 par les repr\u00e9sentants de la commune au sein du CIAS. \u00c0 ces questions, il nous a \u00e9t\u00e9 r\u00e9pondu que nos repr\u00e9sentant \u00ab jouaient collectif \u00bb dans cette instance, et qu\u2019ils ne portaient pas de sensibilit\u00e9 sp\u00e9cifique \u00e0 la commune. Notre commentaire : Nous nous demandons bien pourquoi nous avons d\u00e9sign\u00e9 deux repr\u00e9sentants dans ce syndicat lors du conseil municipal du 10 juillet 2020 ! Quant au proc\u00e8s en \u00ab isolationnisme \u00bb intent\u00e9 par le Maire lui-m\u00eame\u2026 voil\u00e0 un bien grand mot pour une si humble demande : que quelqu&rsquo;un porte la voix des Rheusoises et des Rheusois dans les instances intercommunales\u2026<\/p>\n\n\n\n<p>\u00c0 la question pos\u00e9e sur la cr\u00e9ation d\u2019un march\u00e9 bio &#8211; entre les deux tours des \u00e9lections r\u00e9gionales et d\u00e9partementales &#8211; qui aurait d\u00fb faire l\u2019objet d\u2019une d\u00e9lib\u00e9ration en conseil municipal, il nous a \u00e9t\u00e9 r\u00e9pondu que pour le moment, il s\u2019agit d\u2019une \u00ab vente au d\u00e9ballage \u00bb exp\u00e9rimentale jusqu\u2019au 31 d\u00e9cembre. Une fois cette phase termin\u00e9e, elle pourra \u00eatre transform\u00e9e en march\u00e9, et alors il sera proc\u00e9d\u00e9 aux consultations. Notre commentaire : On connaissait l\u2019expression \u00ab inaugurer les chrysanth\u00e8mes \u00bb pour des \u00e9lus. En voici donc une nouvelle dans la langue fran\u00e7aise : \u00ab inaugurer les ventes au d\u00e9ballage \u00bb.<\/p>\n\n\n\n<p>Nous avons sugg\u00e9r\u00e9 qu\u20191% du budget de fonctionnement de la ville soit consacr\u00e9 \u00e0 la formation de tous les agents aux moyens de lutter localement contre le r\u00e9chauffement climatique. Une r\u00e9ponse d\u2019ordre g\u00e9n\u00e9ral sur la formation des agents de la commune nous a \u00e9t\u00e9 servie. <\/p>\n\n\n\n<p>Une question du public a port\u00e9 enfin sur la circulation des v\u00e9hicules-\u00e9cole, poids-lourds principalement dans le centre. Une p\u00e9tition circule sur le sujet. Il a \u00e9t\u00e9 r\u00e9pondu qu\u2019une r\u00e9union est pr\u00e9vue avec les services de Rennes M\u00e9tropole, mais que son organisation prend du temps. Les services veulent s\u2019assurer de la robustesse des solutions propos\u00e9es. Les initiateurs de cette question y seront invit\u00e9s. \u00c0 une derni\u00e8re question pos\u00e9e par le public sur la probl\u00e9matique de l&rsquo;absence de bus depuis Rennes en fin de soir\u00e9e, il a \u00e9t\u00e9 r\u00e9pondu qu\u2019une p\u00e9nurie de chauffeurs frappe la STAR.<\/p>\n","protected":false},"excerpt":{"rendered":"<p>Le conseil municipal qui s\u2019est tenu le lundi 20 septembre a \u00e9t\u00e9 l\u2019occasion d\u2019\u00e9changes tendus dont la presse s\u2019est faite l\u2019\u00e9cho, mais aussi de nombreux points d\u2019approbation, comme nous allons vous le d\u00e9tailler ci-dessous. Nous avons notamment approuv\u00e9 les points relatifs \u00e0 la gestion des ressources humaines de la commune. Ainsi, nous avons vot\u00e9 pour [&hellip;]<\/p>\n","protected":false},"author":11,"featured_media":0,"comment_status":"open","ping_status":"open","sticky":false,"template":"","format":"standard","meta":{"footnotes":""},"categories":[5],"tags":[84,82,85,36,63,83],"class_list":["post-599","post","type-post","status-publish","format-standard","hentry","category-conseils-municipaux","tag-cia","tag-cour-neuve","tag-marche-bio","tag-piste-cyclable","tag-solange-orain","tag-voeu"],"_links":{"self":[{"href":"https:\/\/www.lerheunouveaucitoyen.org\/index.php\/wp-json\/wp\/v2\/posts\/599","targetHints":{"allow":["GET"]}}],"collection":[{"href":"https:\/\/www.lerheunouveaucitoyen.org\/index.php\/wp-json\/wp\/v2\/posts"}],"about":[{"href":"https:\/\/www.lerheunouveaucitoyen.org\/index.php\/wp-json\/wp\/v2\/types\/post"}],"author":[{"embeddable":true,"href":"https:\/\/www.lerheunouveaucitoyen.org\/index.php\/wp-json\/wp\/v2\/users\/11"}],"replies":[{"embeddable":true,"href":"https:\/\/www.lerheunouveaucitoyen.org\/index.php\/wp-json\/wp\/v2\/comments?post=599"}],"version-history":[{"count":2,"href":"https:\/\/www.lerheunouveaucitoyen.org\/index.php\/wp-json\/wp\/v2\/posts\/599\/revisions"}],"predecessor-version":[{"id":602,"href":"https:\/\/www.lerheunouveaucitoyen.org\/index.php\/wp-json\/wp\/v2\/posts\/599\/revisions\/602"}],"wp:attachment":[{"href":"https:\/\/www.lerheunouveaucitoyen.org\/index.php\/wp-json\/wp\/v2\/media?parent=599"}],"wp:term":[{"taxonomy":"category","embeddable":true,"href":"https:\/\/www.lerheunouveaucitoyen.org\/index.php\/wp-json\/wp\/v2\/categories?post=599"},{"taxonomy":"post_tag","embeddable":true,"href":"https:\/\/www.lerheunouveaucitoyen.org\/index.php\/wp-json\/wp\/v2\/tags?post=599"}],"curies":[{"name":"wp","href":"https:\/\/api.w.org\/{rel}","templated":true}]}}