{"id":279,"date":"2020-10-05T23:00:52","date_gmt":"2020-10-05T21:00:52","guid":{"rendered":"http:\/\/lrncorw.cluster028.hosting.ovh.net\/?p=279"},"modified":"2021-02-19T17:36:38","modified_gmt":"2021-02-19T16:36:38","slug":"conseil-du-5-octobre","status":"publish","type":"post","link":"https:\/\/www.lerheunouveaucitoyen.org\/index.php\/2020\/10\/05\/conseil-du-5-octobre\/","title":{"rendered":"Conseil du 5 octobre 2020"},"content":{"rendered":"\n<p>Le Conseil Municipal ordinaire s\u2019est tenu ce lundi soir 5 octobre dans salle de l\u2019Orme Robin de Moign\u00e9, comme nous l\u2019avions sugg\u00e9r\u00e9 lors de la pr\u00e9c\u00e9dente r\u00e9union. Le public a pu y assister, ce dont nous nous f\u00e9licitons.L\u2019ordre du jour proposait le vote de subventions \u00e0 la communaut\u00e9 Emma\u00fcs et pour le Liban. Il proposait \u00e9galement l\u2019adoption de conventions de mise \u00e0 disposition de locaux par la commune au Sporting Club Le Rheu Football ainsi qu\u2019au judo L&rsquo;Hermitage \/ Le Rheu. Nous avons vot\u00e9 pour ces propositions.H\u00e9las toujours g\u00ean\u00e9e quand il s\u2019agit de nous faire participer, l\u2019\u00e9quipe majoritaire ne nous a pas octroy\u00e9 de places aux diff\u00e9rents conseils des \u00e9coles publiques ni \u00e0 l\u2019OGEC Saint Marie. Nous avons donc vot\u00e9 contre.Nous avons vot\u00e9 pour la prise en charge des d\u00e9penses de fonctionnement des classes sous contrat d&rsquo;association de l&rsquo;\u00e9cole priv\u00e9e Saint Marie, dont les enveloppes ont \u00e9t\u00e9 \u00e9tablies sur la base des d\u00e9penses r\u00e9alis\u00e9es pour les \u00e9coles publiques de la commune.L\u2019examen de la d\u00e9cision modificative au budget principal de la commune a \u00e9t\u00e9 pour nous l\u2019occasion de poser la question du surco\u00fbt occasionn\u00e9 par la r\u00e9alisation de la passerelle sur le Lindon au passage sous la RD288. En effet, 66k\u20ac ont \u00e9t\u00e9 n\u00e9cessaires \u00e0 l\u2019ach\u00e8vement de l\u2019ouvrage initialement chiffr\u00e9 \u00e0 119k\u20ac. Il semble que le choix technique d\u2019une passerelle en bois, alors que command\u00e9e en m\u00e9tal ainsi qu\u2019une \u00e9pure initialement trac\u00e9e trop bas par rapport au tablier de la route d\u00e9partementale aient \u00e9t\u00e9 \u00e0 l\u2019origine de ce surcout. Un seul r\u00e9alisateur aurait r\u00e9pondu \u00e0 l\u2019appel d\u2019offre, ce qui lui aurait permis d\u2019imposer ses choix\u2026 Nous ne pouvons que nous \u00e9tonner de la fa\u00e7on dont ce projet a \u00e9t\u00e9 conduit. Et nous regrettons ses cons\u00e9quences sur les comptes de la commune.Les seules questions pos\u00e9es ensuite ont \u00e9t\u00e9 des questions pos\u00e9es par des \u00e9lus de notre groupe :Nous avons relay\u00e9 la question de parents qui se demandent quand il y aura un parking \u00e0 v\u00e9lo au coll\u00e8ge.Le Maire a r\u00e9pondu que des travaux d\u00e9marreront \u00e0 l\u2019\u00e9t\u00e9 2022.Notre commentaire : encore deux ans de patience\u2026Les travaux de la station-service du Super U sont tr\u00e8s avanc\u00e9s. Il s\u2019agit d\u2019une Installation Class\u00e9e pour la Protection de l\u2019Environnement plac\u00e9e proximit\u00e9 imm\u00e9diate du Lindon. Aussi, des riverains s\u2019\u00e9tonnent de ne pas voir de panneau de permis de construire. Nous avons demand\u00e9 si celui-ci a \u00e9t\u00e9 accord\u00e9.Le Maire nous a r\u00e9pondu qu\u2019il a \u00e9t\u00e9 d\u00e9pos\u00e9 le 4 f\u00e9vrier 2020 et qu\u2019il en est toujours en instruction. Une disposition du Code de l\u2019urbanisme rend possible l\u2019engagement de travaux tant que les travaux d\u2019exhaussement (au-dessus du sol) n\u2019ont pas commenc\u00e9.Notre commentaire : Cette r\u00e9ponse \u00e9tonnante nous incitera \u00e0 suivre ce dossier de pr\u00e8s.Une d\u00e9marche \u00ab d\u2019ateliers participatifs \u00bb concernant l&rsquo;urbanisation des Landes d&rsquo;Apign\u00e9 et du centre-ville a \u00e9t\u00e9 engag\u00e9e par la commune. Nous avons manifest\u00e9 une nouvelle fois notre \u00e9tonnement face \u00e0 cette d\u00e9marche qui propose 4 r\u00e9unions et nous nous y sommes rendus une fois. Constat : les auditeurs non invit\u00e9s n\u2019y sont pas les bienvenus et seuls 6 habitants et deux \u00e9lus municipaux de la liste majoritaire y \u00e9taient convi\u00e9s\u2026Le Maire et la Premi\u00e8re adjointe nous ont r\u00e9pondu qu\u2019il s\u2019agit d\u2019une d\u00e9marche \u00ab participative \u00bb propos\u00e9e par le cabinet \u00ab l\u2019Atelier du Canal \u00bb, qui choisit le nombre et la qualit\u00e9 des participants.Notre commentaire : il nous semble dangereux de galvauder l\u2019adjectif \u00ab participatif \u00bb de cette fa\u00e7on. Les Rheusois concern\u00e9s appr\u00e9cieront.Nous avons relay\u00e9 la question de nombreux Rheusois sur la fermeture du bois de la Motte.Le Maire nous a r\u00e9pondu que le bois de la Motte est propri\u00e9t\u00e9 de l&rsquo;Etat, que l&rsquo;INRAE le g\u00e8re de fait et en tol\u00e8re l&rsquo;usage depuis 1999. En janvier, l\u2019INRAE a alert\u00e9 le Maire de la dangerosit\u00e9 de certains arbres. Malheureusement, la complexit\u00e9 de l\u2019administration rend extr\u00eamement difficile l\u2019engagement de travaux de s\u00e9curisation. Il forme le v\u0153u qu\u2019un jour la commune puisse en devenir propri\u00e9taire et puisse ainsi, engager les travaux n\u00e9cessaires pour le s\u00e9curiser.Enfin une riveraine dans le public pr\u00e9sent s\u2019est plainte du manque d\u2019information sur les travaux engag\u00e9s au voisinage du terrain de football synth\u00e9tique.Il lui a \u00e9t\u00e9 promis r\u00e9pondu que des flyers tardifs d\u2019information seront distribu\u00e9s aux riverains.<a href=\"https:\/\/www.facebook.com\/lerheunouveaucitoyen\/photos\/a.122674132535003\/210499650419117\/?__cft__[0]=AZWncWYPBZEDuYU0c5xJC0iPYy5AQ8-N09hFuW1p-wsOqzYfeMO0rj8KMUWfOGUhSaOT0ppOzj4ncBHYgroGeCig9v-hsLz4p11HXjSNhz8M5NRoIdm1COCqcbtUk2sRGw32OKLhZYceWPosXgG4WU4P8sxCcGGkLSBAcIjV_P4B0w&amp;__tn__=EH-R\"><\/a>440Personnes touch\u00e9es171Interactions<a href=\"https:\/\/www.facebook.com\/ad_center\/create\/boostpost\/?entry_point=permalink&amp;page_id=110306573771759&amp;target_id=210499957085753&amp;__cft__[0]=AZWncWYPBZEDuYU0c5xJC0iPYy5AQ8-N09hFuW1p-wsOqzYfeMO0rj8KMUWfOGUhSaOT0ppOzj4ncBHYgroGeCig9v-hsLz4p11HXjSNhz8M5NRoIdm1COCqcbtUk2sRGw32OKLhZYceWPosXgG4WU4P8sxCcGGkLSBAcIjV_P4B0w&amp;__tn__=*W-R\">Booster la publication<\/a><\/p>\n\n\n\n<figure class=\"wp-block-image size-large\"><img loading=\"lazy\" decoding=\"async\" width=\"701\" height=\"452\" src=\"http:\/\/lrncorw.cluster028.hosting.ovh.net\/wp-content\/uploads\/2021\/01\/120853738_210499653752450_6022193407585700890_n.jpg\" alt=\"\" class=\"wp-image-280\" srcset=\"https:\/\/www.lerheunouveaucitoyen.org\/wp-content\/uploads\/2021\/01\/120853738_210499653752450_6022193407585700890_n.jpg 701w, https:\/\/www.lerheunouveaucitoyen.org\/wp-content\/uploads\/2021\/01\/120853738_210499653752450_6022193407585700890_n-300x193.jpg 300w\" sizes=\"auto, (max-width: 701px) 100vw, 701px\" \/><\/figure>\n","protected":false},"excerpt":{"rendered":"<p>Le Conseil Municipal ordinaire s\u2019est tenu ce lundi soir 5 octobre dans salle de l\u2019Orme Robin de Moign\u00e9, comme nous l\u2019avions sugg\u00e9r\u00e9 lors de la pr\u00e9c\u00e9dente r\u00e9union. Le public a pu y assister, ce dont nous nous f\u00e9licitons.L\u2019ordre du jour proposait le vote de subventions \u00e0 la communaut\u00e9 Emma\u00fcs et pour le Liban. Il proposait [&hellip;]<\/p>\n","protected":false},"author":11,"featured_media":0,"comment_status":"open","ping_status":"open","sticky":false,"template":"","format":"standard","meta":{"footnotes":""},"categories":[5],"tags":[35,22,31,32,33,34],"class_list":["post-279","post","type-post","status-publish","format-standard","hentry","category-conseils-municipaux","tag-bois-de-la-motte","tag-college","tag-football","tag-lindon","tag-station-service","tag-super-u"],"_links":{"self":[{"href":"https:\/\/www.lerheunouveaucitoyen.org\/index.php\/wp-json\/wp\/v2\/posts\/279","targetHints":{"allow":["GET"]}}],"collection":[{"href":"https:\/\/www.lerheunouveaucitoyen.org\/index.php\/wp-json\/wp\/v2\/posts"}],"about":[{"href":"https:\/\/www.lerheunouveaucitoyen.org\/index.php\/wp-json\/wp\/v2\/types\/post"}],"author":[{"embeddable":true,"href":"https:\/\/www.lerheunouveaucitoyen.org\/index.php\/wp-json\/wp\/v2\/users\/11"}],"replies":[{"embeddable":true,"href":"https:\/\/www.lerheunouveaucitoyen.org\/index.php\/wp-json\/wp\/v2\/comments?post=279"}],"version-history":[{"count":4,"href":"https:\/\/www.lerheunouveaucitoyen.org\/index.php\/wp-json\/wp\/v2\/posts\/279\/revisions"}],"predecessor-version":[{"id":457,"href":"https:\/\/www.lerheunouveaucitoyen.org\/index.php\/wp-json\/wp\/v2\/posts\/279\/revisions\/457"}],"wp:attachment":[{"href":"https:\/\/www.lerheunouveaucitoyen.org\/index.php\/wp-json\/wp\/v2\/media?parent=279"}],"wp:term":[{"taxonomy":"category","embeddable":true,"href":"https:\/\/www.lerheunouveaucitoyen.org\/index.php\/wp-json\/wp\/v2\/categories?post=279"},{"taxonomy":"post_tag","embeddable":true,"href":"https:\/\/www.lerheunouveaucitoyen.org\/index.php\/wp-json\/wp\/v2\/tags?post=279"}],"curies":[{"name":"wp","href":"https:\/\/api.w.org\/{rel}","templated":true}]}}