{"id":1112,"date":"2026-03-13T19:18:38","date_gmt":"2026-03-13T18:18:38","guid":{"rendered":"https:\/\/www.lerheunouveaucitoyen.org\/?p=1112"},"modified":"2026-03-13T19:18:39","modified_gmt":"2026-03-13T18:18:39","slug":"discours-de-fin-de-campagne","status":"publish","type":"post","link":"https:\/\/www.lerheunouveaucitoyen.org\/index.php\/2026\/03\/13\/discours-de-fin-de-campagne\/","title":{"rendered":"Discours de fin de campagne"},"content":{"rendered":"\n<figure class=\"wp-block-embed is-type-video is-provider-youtube wp-block-embed-youtube wp-embed-aspect-9-16 wp-has-aspect-ratio\"><div class=\"wp-block-embed__wrapper\">\n<iframe loading=\"lazy\" title=\"Discours de fin de campagne - Alain L&#039;Hostis et l&#039;\u00e9quipe\" width=\"563\" height=\"1000\" src=\"https:\/\/www.youtube.com\/embed\/KbyRiqOY3Kc?feature=oembed\" frameborder=\"0\" allow=\"accelerometer; autoplay; clipboard-write; encrypted-media; gyroscope; picture-in-picture; web-share\" referrerpolicy=\"strict-origin-when-cross-origin\" allowfullscreen><\/iframe>\n<\/div><\/figure>\n\n\n\n<p><img loading=\"lazy\" decoding=\"async\" height=\"16\" width=\"16\" alt=\"\ud83d\uddf3\ufe0f\" src=\"https:\/\/static.xx.fbcdn.net\/images\/emoji.php\/v9\/t39\/2\/16\/1f5f3.png\"> Dimanche, choisissons l\u2019avenir du Rheu<\/p>\n\n\n\n<p>\u00c0 quelques heures de la fin de cette campagne, nous tenions \u00e0 vous adresser un dernier message.<\/p>\n\n\n\n<p>Ces derniers jours, vous avez pu constater que le d\u00e9bat politique emprunte des chemins d\u00e9tourn\u00e9s. Face aux attaques et aux pol\u00e9miques de derni\u00e8re minute, nous avons fait un choix clair : celui de l\u2019\u00e9l\u00e9gance et de la s\u00e9r\u00e9nit\u00e9. \u00c0 chacun son ton, \u00e0 chacun sa m\u00e9thode. Pour notre part, nous pr\u00e9f\u00e9rons consacrer chaque minute de notre \u00e9nergie \u00e0 vous parler de ce qui compte vraiment : notre commune et votre quotidien.<\/p>\n\n\n\n<p>Une ambition : Le Rheu, et rien d&rsquo;autre<\/p>\n\n\n\n<p>Nous comprenons que certains d\u2019entre vous puissent ressentir une forme de lassitude. Entre les promesses non tenues par le pass\u00e9 et les mandats interrompus pour d&rsquo;autres horizons, la confiance a \u00e9t\u00e9 \u00e9rod\u00e9e.<\/p>\n\n\n\n<p>Mais ne laissons pas la d\u00e9ception dicter notre avenir. Notre \u00e9quipe est diff\u00e9rente :<\/p>\n\n\n\n<p>Engagement total : Nous ne sommes pas ici pour pr\u00e9parer la suite ou viser d&rsquo;autres fonctions. Notre seule ambition est de servir Le Rheu. Les suffrages nous obligeront plus qu&rsquo;ils nous octroieront des droits.<\/p>\n\n\n\n<p>Proximit\u00e9 : Nous d\u00e9fendons vos int\u00e9r\u00eats, ici, avec vous, pour les ann\u00e9es \u00e0 venir.<\/p>\n\n\n\n<p>Votre vote est votre force<\/p>\n\n\n\n<p>Dimanche, chaque voix comptera pour d\u00e9cider du visage de notre ville. Voter, c&rsquo;est choisir une \u00e9quipe qui reste \u00e0 vos c\u00f4t\u00e9s, qui tient ses engagements et qui place l&rsquo;int\u00e9r\u00eat g\u00e9n\u00e9ral au-dessus des carri\u00e8res personnelles. Parce que l&rsquo;int\u00e9r\u00eat de notre commune d\u00e9passe les clivages \u00e9lectoraux, nous nous engageons, d\u00e8s notre \u00e9lection, \u00e0 associer la future minorit\u00e9 \u00e0 nos groupes de travail.<\/p>\n\n\n\n<p>Restons positifs, restons constructifs. Pour Le Rheu, pour vous.<\/p>\n\n\n\n<p>Rendez-vous dimanche dans les bureaux de vote !<\/p>\n","protected":false},"excerpt":{"rendered":"<p>Dimanche, choisissons l\u2019avenir du Rheu \u00c0 quelques heures de la fin de cette campagne, nous tenions \u00e0 vous adresser un dernier message. Ces derniers jours, vous avez pu constater que le d\u00e9bat politique emprunte des chemins d\u00e9tourn\u00e9s. Face aux attaques et aux pol\u00e9miques de derni\u00e8re minute, nous avons fait un choix clair : celui de [&hellip;]<\/p>\n","protected":false},"author":1,"featured_media":0,"comment_status":"open","ping_status":"open","sticky":false,"template":"","format":"standard","meta":{"footnotes":""},"categories":[12],"tags":[],"class_list":["post-1112","post","type-post","status-publish","format-standard","hentry","category-point-de-vue"],"_links":{"self":[{"href":"https:\/\/www.lerheunouveaucitoyen.org\/index.php\/wp-json\/wp\/v2\/posts\/1112","targetHints":{"allow":["GET"]}}],"collection":[{"href":"https:\/\/www.lerheunouveaucitoyen.org\/index.php\/wp-json\/wp\/v2\/posts"}],"about":[{"href":"https:\/\/www.lerheunouveaucitoyen.org\/index.php\/wp-json\/wp\/v2\/types\/post"}],"author":[{"embeddable":true,"href":"https:\/\/www.lerheunouveaucitoyen.org\/index.php\/wp-json\/wp\/v2\/users\/1"}],"replies":[{"embeddable":true,"href":"https:\/\/www.lerheunouveaucitoyen.org\/index.php\/wp-json\/wp\/v2\/comments?post=1112"}],"version-history":[{"count":1,"href":"https:\/\/www.lerheunouveaucitoyen.org\/index.php\/wp-json\/wp\/v2\/posts\/1112\/revisions"}],"predecessor-version":[{"id":1113,"href":"https:\/\/www.lerheunouveaucitoyen.org\/index.php\/wp-json\/wp\/v2\/posts\/1112\/revisions\/1113"}],"wp:attachment":[{"href":"https:\/\/www.lerheunouveaucitoyen.org\/index.php\/wp-json\/wp\/v2\/media?parent=1112"}],"wp:term":[{"taxonomy":"category","embeddable":true,"href":"https:\/\/www.lerheunouveaucitoyen.org\/index.php\/wp-json\/wp\/v2\/categories?post=1112"},{"taxonomy":"post_tag","embeddable":true,"href":"https:\/\/www.lerheunouveaucitoyen.org\/index.php\/wp-json\/wp\/v2\/tags?post=1112"}],"curies":[{"name":"wp","href":"https:\/\/api.w.org\/{rel}","templated":true}]}}