{"id":1109,"date":"2026-03-12T18:02:01","date_gmt":"2026-03-12T17:02:01","guid":{"rendered":"https:\/\/www.lerheunouveaucitoyen.org\/?p=1109"},"modified":"2026-03-12T18:02:01","modified_gmt":"2026-03-12T17:02:01","slug":"quelle-relation-avec-la-metropole","status":"publish","type":"post","link":"https:\/\/www.lerheunouveaucitoyen.org\/index.php\/2026\/03\/12\/quelle-relation-avec-la-metropole\/","title":{"rendered":"Quelle relation avec la m\u00e9tropole ?"},"content":{"rendered":"\n<figure class=\"wp-block-embed is-type-video is-provider-youtube wp-block-embed-youtube wp-embed-aspect-9-16 wp-has-aspect-ratio\"><div class=\"wp-block-embed__wrapper\">\n<iframe loading=\"lazy\" title=\"Quelle relation avec la me\u0301tropole ? Alain L&#039;Hostis et Camille Bouget\" width=\"563\" height=\"1000\" src=\"https:\/\/www.youtube.com\/embed\/cGt2WqomfFw?feature=oembed\" frameborder=\"0\" allow=\"accelerometer; autoplay; clipboard-write; encrypted-media; gyroscope; picture-in-picture; web-share\" referrerpolicy=\"strict-origin-when-cross-origin\" allowfullscreen><\/iframe>\n<\/div><\/figure>\n\n\n\n<p><img loading=\"lazy\" decoding=\"async\" height=\"16\" width=\"16\" alt=\"\ud83d\udce2\" src=\"https:\/\/static.xx.fbcdn.net\/images\/emoji.php\/v9\/td8\/2\/16\/1f4e2.png\"> Pour une relation exigeante et \u00e9quilibr\u00e9e avec Rennes M\u00e9tropole<\/p>\n\n\n\n<p>Le constat est aujourd&rsquo;hui sans appel : trop souvent, la mairie de Le Rheu semble se comporter comme une simple courroie de transmission des d\u00e9cisions prises \u00e0 la M\u00e9tropole, sans r\u00e9elle capacit\u00e9 d\u2019influence ou de r\u00e9sistance.<\/p>\n\n\n\n<p>Que ce soit sur le trac\u00e9 du Trambus, la gestion des programmes de l\u2019habitat ou, plus concr\u00e8tement encore, la politique de r\u00e9novation de l&rsquo;\u00e9clairage public, nous estimons que les int\u00e9r\u00eats des Rheusoises et des Rheusois ne sont pas assez d\u00e9fendus.<\/p>\n\n\n\n<p><img loading=\"lazy\" decoding=\"async\" height=\"16\" width=\"16\" alt=\"\ud83d\udd04\" src=\"https:\/\/static.xx.fbcdn.net\/images\/emoji.php\/v9\/t30\/2\/16\/1f504.png\"> Changer de m\u00e9thode, changer de priorit\u00e9<\/p>\n\n\n\n<p>Nous voulons rompre avec les habitudes actuelles. Notre priorit\u00e9 ne sera pas de n\u00e9gocier des titres ou des postes de vice-pr\u00e9sidence pour \u00ab\u00a0figurer\u00a0\u00bb au sein de l\u2019ex\u00e9cutif m\u00e9tropolitain.<\/p>\n\n\n\n<p>Notre boussole, c\u2019est vous.<\/p>\n\n\n\n<p>Nous nous engageons \u00e0 :<\/p>\n\n\n\n<p>D\u00e9fendre une relation exigeante : Rennes M\u00e9tropole est un partenaire, pas un donneur d&rsquo;ordre unilat\u00e9ral.<\/p>\n\n\n\n<p>N\u00e9gocier des r\u00e9sultats concrets : Chaque projet m\u00e9tropolitain sera pass\u00e9 au crible de l&rsquo;int\u00e9r\u00eat local. Nous ne voulons pas de solutions \u00ab\u00a0cl\u00e9s en main\u00a0\u00bb qui ne correspondent pas \u00e0 la r\u00e9alit\u00e9 de notre commune.<\/p>\n\n\n\n<p>Remettre le Maire au service du Rheu : La place de nos \u00e9lus est de se battre pour nos \u00e9quipements, notre cadre de vie et notre s\u00e9curit\u00e9.<\/p>\n\n\n\n<p>Le Rheu doit retrouver sa voix et son poids au sein de l&rsquo;agglom\u00e9ration. Pour une m\u00e9tropole qui \u00e9coute, et une commune qui s&rsquo;affirme !<\/p>\n","protected":false},"excerpt":{"rendered":"<p>Pour une relation exigeante et \u00e9quilibr\u00e9e avec Rennes M\u00e9tropole Le constat est aujourd&rsquo;hui sans appel : trop souvent, la mairie de Le Rheu semble se comporter comme une simple courroie de transmission des d\u00e9cisions prises \u00e0 la M\u00e9tropole, sans r\u00e9elle capacit\u00e9 d\u2019influence ou de r\u00e9sistance. Que ce soit sur le trac\u00e9 du Trambus, la gestion [&hellip;]<\/p>\n","protected":false},"author":1,"featured_media":0,"comment_status":"open","ping_status":"open","sticky":false,"template":"","format":"standard","meta":{"footnotes":""},"categories":[12],"tags":[],"class_list":["post-1109","post","type-post","status-publish","format-standard","hentry","category-point-de-vue"],"_links":{"self":[{"href":"https:\/\/www.lerheunouveaucitoyen.org\/index.php\/wp-json\/wp\/v2\/posts\/1109","targetHints":{"allow":["GET"]}}],"collection":[{"href":"https:\/\/www.lerheunouveaucitoyen.org\/index.php\/wp-json\/wp\/v2\/posts"}],"about":[{"href":"https:\/\/www.lerheunouveaucitoyen.org\/index.php\/wp-json\/wp\/v2\/types\/post"}],"author":[{"embeddable":true,"href":"https:\/\/www.lerheunouveaucitoyen.org\/index.php\/wp-json\/wp\/v2\/users\/1"}],"replies":[{"embeddable":true,"href":"https:\/\/www.lerheunouveaucitoyen.org\/index.php\/wp-json\/wp\/v2\/comments?post=1109"}],"version-history":[{"count":1,"href":"https:\/\/www.lerheunouveaucitoyen.org\/index.php\/wp-json\/wp\/v2\/posts\/1109\/revisions"}],"predecessor-version":[{"id":1110,"href":"https:\/\/www.lerheunouveaucitoyen.org\/index.php\/wp-json\/wp\/v2\/posts\/1109\/revisions\/1110"}],"wp:attachment":[{"href":"https:\/\/www.lerheunouveaucitoyen.org\/index.php\/wp-json\/wp\/v2\/media?parent=1109"}],"wp:term":[{"taxonomy":"category","embeddable":true,"href":"https:\/\/www.lerheunouveaucitoyen.org\/index.php\/wp-json\/wp\/v2\/categories?post=1109"},{"taxonomy":"post_tag","embeddable":true,"href":"https:\/\/www.lerheunouveaucitoyen.org\/index.php\/wp-json\/wp\/v2\/tags?post=1109"}],"curies":[{"name":"wp","href":"https:\/\/api.w.org\/{rel}","templated":true}]}}