{"id":1105,"date":"2026-03-11T10:19:45","date_gmt":"2026-03-11T09:19:45","guid":{"rendered":"https:\/\/www.lerheunouveaucitoyen.org\/?p=1105"},"modified":"2026-03-11T10:21:21","modified_gmt":"2026-03-11T09:21:21","slug":"un-nouveau-souffle-pour-la-place-josephine-baker","status":"publish","type":"post","link":"https:\/\/www.lerheunouveaucitoyen.org\/index.php\/2026\/03\/11\/un-nouveau-souffle-pour-la-place-josephine-baker\/","title":{"rendered":"Un nouveau souffle pour la place Jos\u00e9phine Baker"},"content":{"rendered":"\n<figure class=\"wp-block-embed is-type-video is-provider-youtube wp-block-embed-youtube wp-embed-aspect-9-16 wp-has-aspect-ratio\"><div class=\"wp-block-embed__wrapper\">\n<iframe loading=\"lazy\" title=\"Place Jose\u0301phine Baker - Alain L&#039;Hostis et Julien Tanguy\" width=\"563\" height=\"1000\" src=\"https:\/\/www.youtube.com\/embed\/aTlxpY0myeo?feature=oembed\" frameborder=\"0\" allow=\"accelerometer; autoplay; clipboard-write; encrypted-media; gyroscope; picture-in-picture; web-share\" referrerpolicy=\"strict-origin-when-cross-origin\" allowfullscreen><\/iframe>\n<\/div><\/figure>\n\n\n\n<p><img loading=\"lazy\" decoding=\"async\" height=\"16\" width=\"16\" alt=\"\ud83d\udce2\" src=\"https:\/\/static.xx.fbcdn.net\/images\/emoji.php\/v9\/td8\/2\/16\/1f4e2.png\"> Un nouveau souffle pour la Place Jos\u00e9phine Baker !<\/p>\n\n\n\n<p>Vous l\u2019avez sans doute remarqu\u00e9, notre belle halle ne demande qu\u2019\u00e0 s\u2019animer. Nous avons le projet de transformer ce lieu en un v\u00e9ritable c\u0153ur de vie pour notre quartier, et nous avons besoin de vous ! <img loading=\"lazy\" decoding=\"async\" height=\"16\" width=\"16\" alt=\"\ud83c\udf1f\" src=\"https:\/\/static.xx.fbcdn.net\/images\/emoji.php\/v9\/t7f\/2\/16\/1f31f.png\"><\/p>\n\n\n\n<p><img loading=\"lazy\" decoding=\"async\" height=\"16\" width=\"16\" alt=\"\ud83c\udf4e\" src=\"https:\/\/static.xx.fbcdn.net\/images\/emoji.php\/v9\/tdb\/2\/16\/1f34e.png\"> Un march\u00e9 en semaine<\/p>\n\n\n\n<p>Quoi de mieux que de pouvoir faire ses courses de produits frais et locaux directement sur la place ? Nous travaillons sur la mise en place d\u2019un march\u00e9 hebdomadaire en semaine pour dynamiser nos \u00e9changes et soutenir nos producteurs.<\/p>\n\n\n\n<p><img loading=\"lazy\" decoding=\"async\" height=\"16\" width=\"16\" alt=\"\ud83c\udfad\" src=\"https:\/\/static.xx.fbcdn.net\/images\/emoji.php\/v9\/t4d\/2\/16\/1f3ad.png\"> Culture et Spectacles<\/p>\n\n\n\n<p>Gr\u00e2ce au talent et \u00e0 l\u2019\u00e9nergie de l\u2019association Agora, la halle pourrait aussi devenir un lieu de culture. Spectacles, animations et moments de partage viendront ponctuer l\u2019ann\u00e9e pour le plaisir des petits et des grands.<\/p>\n\n\n\n<p><img loading=\"lazy\" decoding=\"async\" height=\"16\" width=\"16\" alt=\"\ud83d\ude97\" src=\"https:\/\/static.xx.fbcdn.net\/images\/emoji.php\/v9\/t8b\/2\/16\/1f697.png\"> C\u00f4t\u00e9 pratique : Mobilit\u00e9 durable<\/p>\n\n\n\n<p>Afin de faciliter le quotidien, il serait int\u00e9ressant de compl\u00e9ter les stations de recharge pour v\u00e9los par l&rsquo;installation de bornes \u00e9lectriques pour voitures sur le parking attenant. Une solution simple et de proximit\u00e9, notamment pour les r\u00e9sidents de la Tr\u00e9meli\u00e8re.<\/p>\n","protected":false},"excerpt":{"rendered":"<p>Un nouveau souffle pour la Place Jos\u00e9phine Baker ! Vous l\u2019avez sans doute remarqu\u00e9, notre belle halle ne demande qu\u2019\u00e0 s\u2019animer. Nous avons le projet de transformer ce lieu en un v\u00e9ritable c\u0153ur de vie pour notre quartier, et nous avons besoin de vous ! Un march\u00e9 en semaine Quoi de mieux que de pouvoir [&hellip;]<\/p>\n","protected":false},"author":1,"featured_media":0,"comment_status":"open","ping_status":"open","sticky":false,"template":"","format":"standard","meta":{"footnotes":""},"categories":[12],"tags":[],"class_list":["post-1105","post","type-post","status-publish","format-standard","hentry","category-point-de-vue"],"_links":{"self":[{"href":"https:\/\/www.lerheunouveaucitoyen.org\/index.php\/wp-json\/wp\/v2\/posts\/1105","targetHints":{"allow":["GET"]}}],"collection":[{"href":"https:\/\/www.lerheunouveaucitoyen.org\/index.php\/wp-json\/wp\/v2\/posts"}],"about":[{"href":"https:\/\/www.lerheunouveaucitoyen.org\/index.php\/wp-json\/wp\/v2\/types\/post"}],"author":[{"embeddable":true,"href":"https:\/\/www.lerheunouveaucitoyen.org\/index.php\/wp-json\/wp\/v2\/users\/1"}],"replies":[{"embeddable":true,"href":"https:\/\/www.lerheunouveaucitoyen.org\/index.php\/wp-json\/wp\/v2\/comments?post=1105"}],"version-history":[{"count":2,"href":"https:\/\/www.lerheunouveaucitoyen.org\/index.php\/wp-json\/wp\/v2\/posts\/1105\/revisions"}],"predecessor-version":[{"id":1108,"href":"https:\/\/www.lerheunouveaucitoyen.org\/index.php\/wp-json\/wp\/v2\/posts\/1105\/revisions\/1108"}],"wp:attachment":[{"href":"https:\/\/www.lerheunouveaucitoyen.org\/index.php\/wp-json\/wp\/v2\/media?parent=1105"}],"wp:term":[{"taxonomy":"category","embeddable":true,"href":"https:\/\/www.lerheunouveaucitoyen.org\/index.php\/wp-json\/wp\/v2\/categories?post=1105"},{"taxonomy":"post_tag","embeddable":true,"href":"https:\/\/www.lerheunouveaucitoyen.org\/index.php\/wp-json\/wp\/v2\/tags?post=1105"}],"curies":[{"name":"wp","href":"https:\/\/api.w.org\/{rel}","templated":true}]}}